{"id":3701,"date":"2019-09-21T20:43:38","date_gmt":"2019-09-21T18:43:38","guid":{"rendered":"https:\/\/cannabisground.com\/?p=3701"},"modified":"2019-09-22T02:33:17","modified_gmt":"2019-09-22T00:33:17","slug":"activista-cannabis","status":"publish","type":"post","link":"https:\/\/cannabisground.com\/es\/activista-cannabis\/","title":{"rendered":"Una activista espa\u00f1ola del cannabis se enfrenta a 4 a\u00f1os de c\u00e1rcel"},"content":{"rendered":"<h2>Fernanda de la Figuera, activista del cannabis puede ser condenada a 4 a\u00f1os de c\u00e1rcel por cultivo de cannabis en Espa\u00f1a si el juez as\u00ed lo decide el pr\u00f3ximo 30 de octubre<\/h2>\n<p>Diferentes colectivos a favor de la legalizaci\u00f3n del <a href=\"https:\/\/cannabisground.com\/es\/tag\/espana\/\">cannabis en Espa\u00f1a<\/a> est\u00e1n organizando una \u201cmarcha verde\u201d, la mayor movilizaci\u00f3n organizada hasta ahora en Espa\u00f1a, para protestar contra del ingreso en la c\u00e1rcel de esta activista del cannabis a quien tenemos el placer de conocer desde hace a\u00f1os. A Fernanda de la Figera le llaman la \u201cabuela de la marihuana\u201d, ya que es una de las pioneras del movimiento a favor de la legalizaci\u00f3n del cannabis en Espa\u00f1a.<\/p>\n<p>Si nada lo impide, Fernanda de la Figuera, de 76 a\u00f1os, ser\u00e1 juzgada el pr\u00f3ximo 30 de octubre en M\u00e1laga (Espa\u00f1a) y se enfrentar\u00e1 a una sentencia de 4 a\u00f1os de c\u00e1rcel por un cultivo de marihuana que hizo en 2014. La\u00a0Guardia Civil\u00a0incaut\u00f3 las plantas de su huerto destinadas a m\u00e1s de un centenar de socios de una asociaci\u00f3n cann\u00e1bica de mujeres llamada \u201cMar\u00edasxmar\u00eda\u201d, quienes utilizaban la marihuana cultivada para tratar algunas enfermedades como el c\u00e1ncer, la artrosis o la fibromialgia.<\/p>\n<p>El juicio\u00a0se iba a celebrar\u00a0el pasado 25 de abril en el\u00a0Juzgado de lo Penal n\u00famero 5 de M\u00e1laga. Pero fue suspendido por motivos procesales y finalmente se celebrar\u00e1 el pr\u00f3ximo 30 de octubre.<\/p>\n<p>M\u00e1s de 100 organizaciones cann\u00e1bicas est\u00e1n convocando a sus miembros y a cualquier simpatizante con la causa de la legalizaci\u00f3n del cannabis para que el 30 de octubre acudan a la Ciudad de la Justicia de M\u00e1laga a manifestarse a favor de esta activista del cannabis que podr\u00eda ser condenada a 4 a\u00f1os de c\u00e1rcel por cultivo de cannabis. Los organizadores de la \u201cmarcha verde\u201d van a fletar autobuses para que los ciudadanos de cualquier punto de Espa\u00f1a puedan acudir en masa a la marcha verde a favor de la absoluci\u00f3n de Fernanda de la Figuera.<\/p>\n<p>Los organizadores de esta movilizaci\u00f3n en contra del juicio de Fernanda de la Figuera en el que el fiscal pide 4 a\u00f1os de c\u00e1rcel para esta activista del cannabis, no solo quieren fletar autobuses\u00a0que desplacen hasta la Ciudad de la Justicia de M\u00e1laga a activistas de toda Espa\u00f1a; tambi\u00e9n han dise\u00f1ado un manifiesto de solidaridad en el que se rechazan todos los procesos judiciales en contra de los cultivadores de marihuana en Espa\u00f1a, que son miles.<\/p>\n<p>Los activistas a favor de la legalizaci\u00f3n del cannabis en Espa\u00f1a demandan una legislaci\u00f3n para regular el cultivo de marihuana que proteja a todos los cultivadores de marihuana para autoconsumo que como Fernanda de la Figuera, la veterana activista, se sienten desprotegidos ante la persecuci\u00f3n policial y judicial a que son sometidos.<\/p>\n<p>El \u00faltimo Anuario Estad\u00edstico del Ministerio del Interior refleja la realidad del cultivo de cannabis en Espa\u00f1a. En 2017 las\u00a0incautaciones\u00a0de plantas de marihuana aumentaron en Espa\u00f1a un 55,2%, hasta superar los 1,12 millones de plantas, y la incautaci\u00f3n de semillas de cannabis aumentaron un 12,2%.<\/p>\n<p>Esta activista espa\u00f1ola del cannabis que se enfrenta a 4 a\u00f1os de c\u00e1rcel est\u00e1 muy preocupada por el juicio. Fernanda se considera una activista que no hace negocio con el cannabis. Para ella el cannabis es un placer que, adem\u00e1s, tiene un gran valor medicinal. La activista comparte la marihuana que cultiva con los otros miembros de la asociaci\u00f3n \u201cmar\u00edasxmar\u00eda\u201d y asegura que nunca se ha dedicado al tr\u00e1fico.<\/p>\n<p>Fernanda de la Figuera cre\u00f3 la\u00a0Asociaci\u00f3n Ram\u00f3n Santos de Estudios del Cannabis de Andaluc\u00eda\u00a0(ARSECA) en 1996 y organiz\u00f3 en C\u00f3rdoba en 1998 la\u00a0Bella Flor, una asociaci\u00f3n cann\u00e1bica en la que tuvieron lugar las primeras jornadas de cata y formaci\u00f3n sobre el cannabis en Espa\u00f1a. Tambi\u00e9n cre\u00f3 en M\u00e1laga la asociaci\u00f3n \u201cMar\u00edas por Mar\u00eda\u201d, que es un cultivo colectivo de cannabis por el que ahora se enfrenta a los 4 a\u00f1os de c\u00e1rcel que pide el fiscal en el juicio que se celebrar\u00e1 el 30 de octubre. En 1995 y 2010, fue procesada por otras dos causas relacionadas con el cultivo de marihuana y fue absuelta en las dos ocasiones.<\/p>\n<p>En los dos juicios anteriores que esta activista del cannabis tuvo por cultivo de marihuana en 1995 y en 2010, sali\u00f3 absuelta. Pero esta vez la situaci\u00f3n es diferente porque la polic\u00eda incaut\u00f3 m\u00e1s de 10 kilos de cannabis, lo cual es la circunstancia que agrava la pena de 4 a\u00f1os de c\u00e1rcel solicitada por el fiscal para esta veterana activista. Fernanda explica que en esta ocasi\u00f3n la producci\u00f3n de marihuana ha sido mayor porque el cultivo estaba destinado a abastecer a una asociaci\u00f3n formada por m\u00e1s de un centenar de personas que\u00a0recurr\u00edan a la\u00a0marihuana\u00a0con fines medicinales. Precisamente por este motivo su asociaci\u00f3n se llama \u201cMar\u00edas por Mar\u00eda\u201d.<\/p>\n<p>Fernanda comenz\u00f3 a ser una activista del cannabis a finales de los sesenta y principios de los setenta, cuando en Espa\u00f1a el cannabis estaba prohibido y penalizado. La activista vio la marihuana por primera vez cuando era una ni\u00f1a y su padre, que era militar, fumaba kifi con los amigos. En 1978 se fue a vivir a M\u00e1laga y se qued\u00f3 enamorada de Andaluc\u00eda y de su clima, que tan bueno es para el cultivo de cannabis.<\/p>\n<p>Desde ese momento ha luchado por tener la libertad de cultivar marihuana de la misma manera que cultiva flores o zanahorias. Con este pensamiento fund\u00f3 en 1996 la Asociaci\u00f3n Ram\u00f3n Santos de Estudios del Cannabis de Andaluc\u00eda (ARSECA), organiz\u00f3 las primeras jornadas de cata y formaci\u00f3n sobre el cultivo de marihuana en Espa\u00f1a y cre\u00f3 la asociaci\u00f3n \u201cMar\u00edas por Mar\u00eda\u201d para el cultivo comunitario de cannabis para personas que lo necesitan por motivos medicinales. Precisamente por esta raz\u00f3n, esta veterana activista se ver\u00e1 enfrentada el pr\u00f3ximo 30 de octubre a la pena de 4 a\u00f1os de c\u00e1rcel que el fiscal pide para esta activista del cannabis en Espa\u00f1a.<\/p>\n<p>Esta activista del cannabis no puede comprender por qu\u00e9 la marihuana est\u00e1 tan demonizada despu\u00e9s de haber sido utilizada por sus propiedades medicinales desde hace miles de a\u00f1os. Se queja de que la gente no tendr\u00eda que ir a la farmacia buscando opi\u00e1ceos cuando con unas pocas gotas de tintura de cannabis en el caf\u00e9 notas una gran mejor\u00eda de tus dolencias.<\/p>\n<p>Es especialmente incomprensible, seg\u00fan esta activista, cuando Espa\u00f1a disfruta de los mejores terrenos de Europa para el cultivo de cannabis\u00a0y sin embargo, todav\u00eda no se ha regularizado la planta, como s\u00ed se ha hecho ya en otros pa\u00edses. Fernanda se queja de que a los pol\u00edticos no les interesa arreglar este tema porque las drogas dan mucho dinero. Fernanda ha estado en el Parlamento europeo, en el Congreso y en el Senado acompa\u00f1ando a expertos en cannabis exponiendo su gran experiencia como cultivadora de cannabis para el autoconsumo, sin apenas resultados.<\/p>\n\n\n<figure class=\"wp-block-image\"><a href=\"https:\/\/ketamaseeds.net\" target=\"_blank\" rel=\"noreferrer noopener\"><img loading=\"lazy\" decoding=\"async\" width=\"1024\" height=\"205\" src=\"https:\/\/cannabisground.com\/wp-content\/uploads\/2019\/05\/banco-de-semillas-de-cannabis-ketama-seeds-banner-1024x205.jpg\" alt=\"comprar semillas de marihuana\" class=\"wp-image-2334\" srcset=\"https:\/\/cannabisground.com\/wp-content\/uploads\/2019\/05\/banco-de-semillas-de-cannabis-ketama-seeds-banner.jpg 1024w, https:\/\/cannabisground.com\/wp-content\/uploads\/2019\/05\/banco-de-semillas-de-cannabis-ketama-seeds-banner-300x60.jpg 300w, https:\/\/cannabisground.com\/wp-content\/uploads\/2019\/05\/banco-de-semillas-de-cannabis-ketama-seeds-banner-768x154.jpg 768w\" sizes=\"auto, (max-width: 1024px) 100vw, 1024px\" \/><\/a><\/figure>\n","protected":false},"excerpt":{"rendered":"<p>Fernanda de la Figuera, activista del cannabis puede ser condenada a 4 a\u00f1os de c\u00e1rcel por cultivo de cannabis en Espa\u00f1a si el juez as\u00ed lo decide el pr\u00f3ximo 30 de octubre Diferentes colectivos a favor de la legalizaci\u00f3n del cannabis en Espa\u00f1a est\u00e1n organizando una \u201cmarcha verde\u201d, la mayor movilizaci\u00f3n organizada hasta ahora en [&hellip;]<\/p>\n","protected":false},"author":1,"featured_media":3698,"comment_status":"closed","ping_status":"closed","sticky":false,"template":"","format":"standard","meta":{"footnotes":""},"categories":[151],"tags":[196,169],"class_list":{"0":"post-3701","1":"post","2":"type-post","3":"status-publish","4":"format-standard","5":"has-post-thumbnail","7":"category-cultura","8":"tag-activismo","9":"tag-espana","10":"czr-hentry"},"yoast_head":"<!-- This site is optimized with the Yoast SEO plugin v27.4 - https:\/\/yoast.com\/product\/yoast-seo-wordpress\/ -->\n<title>Una activista espa\u00f1ola del cannabis se enfrenta a 4 a\u00f1os de c\u00e1rcel<\/title>\n<meta name=\"description\" content=\"Fernanda de la Figuera, activista del cannabis puede ser condenada a 4 a\u00f1os de c\u00e1rcel por cultivo de cannabis si el juez as\u00ed lo decide el 30 de octubre.\" \/>\n<meta name=\"robots\" content=\"index, nofollow, max-snippet:-1, max-image-preview:large, max-video-preview:-1\" \/>\n<link rel=\"canonical\" href=\"https:\/\/cannabisground.com\/es\/activista-cannabis\/\" \/>\n<meta property=\"og:locale\" content=\"es_ES\" \/>\n<meta property=\"og:type\" content=\"article\" \/>\n<meta property=\"og:title\" content=\"Una activista espa\u00f1ola del cannabis se enfrenta a 4 a\u00f1os de c\u00e1rcel\" \/>\n<meta property=\"og:description\" content=\"Fernanda de la Figuera, activista del cannabis puede ser condenada a 4 a\u00f1os de c\u00e1rcel por cultivo de cannabis si el juez as\u00ed lo decide el 30 de octubre.\" \/>\n<meta property=\"og:url\" content=\"https:\/\/cannabisground.com\/es\/activista-cannabis\/\" \/>\n<meta property=\"og:site_name\" content=\"Cannabis Ground\" \/>\n<meta property=\"article:publisher\" content=\"https:\/\/www.facebook.com\/annabisground\/\" \/>\n<meta property=\"article:published_time\" content=\"2019-09-21T18:43:38+00:00\" \/>\n<meta property=\"article:modified_time\" content=\"2019-09-22T00:33:17+00:00\" \/>\n<meta property=\"og:image\" content=\"https:\/\/cannabisground.com\/wp-content\/uploads\/2019\/09\/A-Spanish-female-cannabis-activist-faces-4-years-in-jail.jpg\" \/>\n\t<meta property=\"og:image:width\" content=\"643\" \/>\n\t<meta property=\"og:image:height\" content=\"362\" \/>\n\t<meta property=\"og:image:type\" content=\"image\/jpeg\" \/>\n<meta name=\"author\" content=\"Cannabis Ground\" \/>\n<meta name=\"twitter:card\" content=\"summary_large_image\" \/>\n<meta name=\"twitter:creator\" content=\"@CannabisGround\" \/>\n<meta name=\"twitter:site\" content=\"@CannabisGround\" \/>\n<meta name=\"twitter:label1\" content=\"Escrito por\" \/>\n\t<meta name=\"twitter:data1\" content=\"Cannabis Ground\" \/>\n\t<meta name=\"twitter:label2\" content=\"Tiempo de lectura\" \/>\n\t<meta name=\"twitter:data2\" content=\"6 minutos\" \/>\n<script type=\"application\/ld+json\" class=\"yoast-schema-graph\">{\"@context\":\"https:\\\/\\\/schema.org\",\"@graph\":[{\"@type\":\"Article\",\"@id\":\"https:\\\/\\\/cannabisground.com\\\/es\\\/activista-cannabis\\\/#article\",\"isPartOf\":{\"@id\":\"https:\\\/\\\/cannabisground.com\\\/es\\\/activista-cannabis\\\/\"},\"author\":{\"name\":\"Cannabis Ground\",\"@id\":\"https:\\\/\\\/cannabisground.com\\\/es\\\/#\\\/schema\\\/person\\\/cf294a049b5af8df3bef74e1b4b1c770\"},\"headline\":\"Una activista espa\u00f1ola del cannabis se enfrenta a 4 a\u00f1os de c\u00e1rcel\",\"datePublished\":\"2019-09-21T18:43:38+00:00\",\"dateModified\":\"2019-09-22T00:33:17+00:00\",\"mainEntityOfPage\":{\"@id\":\"https:\\\/\\\/cannabisground.com\\\/es\\\/activista-cannabis\\\/\"},\"wordCount\":1231,\"publisher\":{\"@id\":\"https:\\\/\\\/cannabisground.com\\\/es\\\/#organization\"},\"image\":{\"@id\":\"https:\\\/\\\/cannabisground.com\\\/es\\\/activista-cannabis\\\/#primaryimage\"},\"thumbnailUrl\":\"https:\\\/\\\/cannabisground.com\\\/wp-content\\\/uploads\\\/2019\\\/09\\\/A-Spanish-female-cannabis-activist-faces-4-years-in-jail.jpg\",\"keywords\":[\"Activismo\",\"Espa\u00f1a\"],\"articleSection\":[\"Cultura\"],\"inLanguage\":\"es\"},{\"@type\":\"WebPage\",\"@id\":\"https:\\\/\\\/cannabisground.com\\\/es\\\/activista-cannabis\\\/\",\"url\":\"https:\\\/\\\/cannabisground.com\\\/es\\\/activista-cannabis\\\/\",\"name\":\"Una activista espa\u00f1ola del cannabis se enfrenta a 4 a\u00f1os de c\u00e1rcel\",\"isPartOf\":{\"@id\":\"https:\\\/\\\/cannabisground.com\\\/es\\\/#website\"},\"primaryImageOfPage\":{\"@id\":\"https:\\\/\\\/cannabisground.com\\\/es\\\/activista-cannabis\\\/#primaryimage\"},\"image\":{\"@id\":\"https:\\\/\\\/cannabisground.com\\\/es\\\/activista-cannabis\\\/#primaryimage\"},\"thumbnailUrl\":\"https:\\\/\\\/cannabisground.com\\\/wp-content\\\/uploads\\\/2019\\\/09\\\/A-Spanish-female-cannabis-activist-faces-4-years-in-jail.jpg\",\"datePublished\":\"2019-09-21T18:43:38+00:00\",\"dateModified\":\"2019-09-22T00:33:17+00:00\",\"description\":\"Fernanda de la Figuera, activista del cannabis puede ser condenada a 4 a\u00f1os de c\u00e1rcel por cultivo de cannabis si el juez as\u00ed lo decide el 30 de octubre.\",\"breadcrumb\":{\"@id\":\"https:\\\/\\\/cannabisground.com\\\/es\\\/activista-cannabis\\\/#breadcrumb\"},\"inLanguage\":\"es\",\"potentialAction\":[{\"@type\":\"ReadAction\",\"target\":[\"https:\\\/\\\/cannabisground.com\\\/es\\\/activista-cannabis\\\/\"]}]},{\"@type\":\"ImageObject\",\"inLanguage\":\"es\",\"@id\":\"https:\\\/\\\/cannabisground.com\\\/es\\\/activista-cannabis\\\/#primaryimage\",\"url\":\"https:\\\/\\\/cannabisground.com\\\/wp-content\\\/uploads\\\/2019\\\/09\\\/A-Spanish-female-cannabis-activist-faces-4-years-in-jail.jpg\",\"contentUrl\":\"https:\\\/\\\/cannabisground.com\\\/wp-content\\\/uploads\\\/2019\\\/09\\\/A-Spanish-female-cannabis-activist-faces-4-years-in-jail.jpg\",\"width\":643,\"height\":362,\"caption\":\"Una activista espa\u00f1ola del cannabis se enfrenta a 4 a\u00f1os de c\u00e1rcel\"},{\"@type\":\"BreadcrumbList\",\"@id\":\"https:\\\/\\\/cannabisground.com\\\/es\\\/activista-cannabis\\\/#breadcrumb\",\"itemListElement\":[{\"@type\":\"ListItem\",\"position\":1,\"name\":\"Portada\",\"item\":\"https:\\\/\\\/cannabisground.com\\\/es\\\/\"},{\"@type\":\"ListItem\",\"position\":2,\"name\":\"Una activista espa\u00f1ola del cannabis se enfrenta a 4 a\u00f1os de c\u00e1rcel\"}]},{\"@type\":\"WebSite\",\"@id\":\"https:\\\/\\\/cannabisground.com\\\/es\\\/#website\",\"url\":\"https:\\\/\\\/cannabisground.com\\\/es\\\/\",\"name\":\"Cannabis Ground\",\"description\":\"Marijuana and ...\",\"publisher\":{\"@id\":\"https:\\\/\\\/cannabisground.com\\\/es\\\/#organization\"},\"potentialAction\":[{\"@type\":\"SearchAction\",\"target\":{\"@type\":\"EntryPoint\",\"urlTemplate\":\"https:\\\/\\\/cannabisground.com\\\/es\\\/?s={search_term_string}\"},\"query-input\":{\"@type\":\"PropertyValueSpecification\",\"valueRequired\":true,\"valueName\":\"search_term_string\"}}],\"inLanguage\":\"es\"},{\"@type\":\"Organization\",\"@id\":\"https:\\\/\\\/cannabisground.com\\\/es\\\/#organization\",\"name\":\"Cannabis Ground\",\"url\":\"https:\\\/\\\/cannabisground.com\\\/es\\\/\",\"logo\":{\"@type\":\"ImageObject\",\"inLanguage\":\"es\",\"@id\":\"https:\\\/\\\/cannabisground.com\\\/es\\\/#\\\/schema\\\/logo\\\/image\\\/\",\"url\":\"https:\\\/\\\/cannabisground.com\\\/wp-content\\\/uploads\\\/2018\\\/06\\\/cannabis-ground.jpg\",\"contentUrl\":\"https:\\\/\\\/cannabisground.com\\\/wp-content\\\/uploads\\\/2018\\\/06\\\/cannabis-ground.jpg\",\"width\":640,\"height\":168,\"caption\":\"Cannabis Ground\"},\"image\":{\"@id\":\"https:\\\/\\\/cannabisground.com\\\/es\\\/#\\\/schema\\\/logo\\\/image\\\/\"},\"sameAs\":[\"https:\\\/\\\/www.facebook.com\\\/annabisground\\\/\",\"https:\\\/\\\/x.com\\\/CannabisGround\"]},{\"@type\":\"Person\",\"@id\":\"https:\\\/\\\/cannabisground.com\\\/es\\\/#\\\/schema\\\/person\\\/cf294a049b5af8df3bef74e1b4b1c770\",\"name\":\"Cannabis Ground\",\"image\":{\"@type\":\"ImageObject\",\"inLanguage\":\"es\",\"@id\":\"https:\\\/\\\/secure.gravatar.com\\\/avatar\\\/ea55571887fa86d320bebe20e7fbbb724968adbfa5e69318fea7179338ddcb21?s=96&d=mm&r=g\",\"url\":\"https:\\\/\\\/secure.gravatar.com\\\/avatar\\\/ea55571887fa86d320bebe20e7fbbb724968adbfa5e69318fea7179338ddcb21?s=96&d=mm&r=g\",\"contentUrl\":\"https:\\\/\\\/secure.gravatar.com\\\/avatar\\\/ea55571887fa86d320bebe20e7fbbb724968adbfa5e69318fea7179338ddcb21?s=96&d=mm&r=g\",\"caption\":\"Cannabis Ground\"}}]}<\/script>\n<!-- \/ Yoast SEO plugin. -->","yoast_head_json":{"title":"Una activista espa\u00f1ola del cannabis se enfrenta a 4 a\u00f1os de c\u00e1rcel","description":"Fernanda de la Figuera, activista del cannabis puede ser condenada a 4 a\u00f1os de c\u00e1rcel por cultivo de cannabis si el juez as\u00ed lo decide el 30 de octubre.","robots":{"index":"index","follow":"nofollow","max-snippet":"max-snippet:-1","max-image-preview":"max-image-preview:large","max-video-preview":"max-video-preview:-1"},"canonical":"https:\/\/cannabisground.com\/es\/activista-cannabis\/","og_locale":"es_ES","og_type":"article","og_title":"Una activista espa\u00f1ola del cannabis se enfrenta a 4 a\u00f1os de c\u00e1rcel","og_description":"Fernanda de la Figuera, activista del cannabis puede ser condenada a 4 a\u00f1os de c\u00e1rcel por cultivo de cannabis si el juez as\u00ed lo decide el 30 de octubre.","og_url":"https:\/\/cannabisground.com\/es\/activista-cannabis\/","og_site_name":"Cannabis Ground","article_publisher":"https:\/\/www.facebook.com\/annabisground\/","article_published_time":"2019-09-21T18:43:38+00:00","article_modified_time":"2019-09-22T00:33:17+00:00","og_image":[{"width":643,"height":362,"url":"https:\/\/cannabisground.com\/wp-content\/uploads\/2019\/09\/A-Spanish-female-cannabis-activist-faces-4-years-in-jail.jpg","type":"image\/jpeg"}],"author":"Cannabis Ground","twitter_card":"summary_large_image","twitter_creator":"@CannabisGround","twitter_site":"@CannabisGround","twitter_misc":{"Escrito por":"Cannabis Ground","Tiempo de lectura":"6 minutos"},"schema":{"@context":"https:\/\/schema.org","@graph":[{"@type":"Article","@id":"https:\/\/cannabisground.com\/es\/activista-cannabis\/#article","isPartOf":{"@id":"https:\/\/cannabisground.com\/es\/activista-cannabis\/"},"author":{"name":"Cannabis Ground","@id":"https:\/\/cannabisground.com\/es\/#\/schema\/person\/cf294a049b5af8df3bef74e1b4b1c770"},"headline":"Una activista espa\u00f1ola del cannabis se enfrenta a 4 a\u00f1os de c\u00e1rcel","datePublished":"2019-09-21T18:43:38+00:00","dateModified":"2019-09-22T00:33:17+00:00","mainEntityOfPage":{"@id":"https:\/\/cannabisground.com\/es\/activista-cannabis\/"},"wordCount":1231,"publisher":{"@id":"https:\/\/cannabisground.com\/es\/#organization"},"image":{"@id":"https:\/\/cannabisground.com\/es\/activista-cannabis\/#primaryimage"},"thumbnailUrl":"https:\/\/cannabisground.com\/wp-content\/uploads\/2019\/09\/A-Spanish-female-cannabis-activist-faces-4-years-in-jail.jpg","keywords":["Activismo","Espa\u00f1a"],"articleSection":["Cultura"],"inLanguage":"es"},{"@type":"WebPage","@id":"https:\/\/cannabisground.com\/es\/activista-cannabis\/","url":"https:\/\/cannabisground.com\/es\/activista-cannabis\/","name":"Una activista espa\u00f1ola del cannabis se enfrenta a 4 a\u00f1os de c\u00e1rcel","isPartOf":{"@id":"https:\/\/cannabisground.com\/es\/#website"},"primaryImageOfPage":{"@id":"https:\/\/cannabisground.com\/es\/activista-cannabis\/#primaryimage"},"image":{"@id":"https:\/\/cannabisground.com\/es\/activista-cannabis\/#primaryimage"},"thumbnailUrl":"https:\/\/cannabisground.com\/wp-content\/uploads\/2019\/09\/A-Spanish-female-cannabis-activist-faces-4-years-in-jail.jpg","datePublished":"2019-09-21T18:43:38+00:00","dateModified":"2019-09-22T00:33:17+00:00","description":"Fernanda de la Figuera, activista del cannabis puede ser condenada a 4 a\u00f1os de c\u00e1rcel por cultivo de cannabis si el juez as\u00ed lo decide el 30 de octubre.","breadcrumb":{"@id":"https:\/\/cannabisground.com\/es\/activista-cannabis\/#breadcrumb"},"inLanguage":"es","potentialAction":[{"@type":"ReadAction","target":["https:\/\/cannabisground.com\/es\/activista-cannabis\/"]}]},{"@type":"ImageObject","inLanguage":"es","@id":"https:\/\/cannabisground.com\/es\/activista-cannabis\/#primaryimage","url":"https:\/\/cannabisground.com\/wp-content\/uploads\/2019\/09\/A-Spanish-female-cannabis-activist-faces-4-years-in-jail.jpg","contentUrl":"https:\/\/cannabisground.com\/wp-content\/uploads\/2019\/09\/A-Spanish-female-cannabis-activist-faces-4-years-in-jail.jpg","width":643,"height":362,"caption":"Una activista espa\u00f1ola del cannabis se enfrenta a 4 a\u00f1os de c\u00e1rcel"},{"@type":"BreadcrumbList","@id":"https:\/\/cannabisground.com\/es\/activista-cannabis\/#breadcrumb","itemListElement":[{"@type":"ListItem","position":1,"name":"Portada","item":"https:\/\/cannabisground.com\/es\/"},{"@type":"ListItem","position":2,"name":"Una activista espa\u00f1ola del cannabis se enfrenta a 4 a\u00f1os de c\u00e1rcel"}]},{"@type":"WebSite","@id":"https:\/\/cannabisground.com\/es\/#website","url":"https:\/\/cannabisground.com\/es\/","name":"Cannabis Ground","description":"Marijuana and ...","publisher":{"@id":"https:\/\/cannabisground.com\/es\/#organization"},"potentialAction":[{"@type":"SearchAction","target":{"@type":"EntryPoint","urlTemplate":"https:\/\/cannabisground.com\/es\/?s={search_term_string}"},"query-input":{"@type":"PropertyValueSpecification","valueRequired":true,"valueName":"search_term_string"}}],"inLanguage":"es"},{"@type":"Organization","@id":"https:\/\/cannabisground.com\/es\/#organization","name":"Cannabis Ground","url":"https:\/\/cannabisground.com\/es\/","logo":{"@type":"ImageObject","inLanguage":"es","@id":"https:\/\/cannabisground.com\/es\/#\/schema\/logo\/image\/","url":"https:\/\/cannabisground.com\/wp-content\/uploads\/2018\/06\/cannabis-ground.jpg","contentUrl":"https:\/\/cannabisground.com\/wp-content\/uploads\/2018\/06\/cannabis-ground.jpg","width":640,"height":168,"caption":"Cannabis Ground"},"image":{"@id":"https:\/\/cannabisground.com\/es\/#\/schema\/logo\/image\/"},"sameAs":["https:\/\/www.facebook.com\/annabisground\/","https:\/\/x.com\/CannabisGround"]},{"@type":"Person","@id":"https:\/\/cannabisground.com\/es\/#\/schema\/person\/cf294a049b5af8df3bef74e1b4b1c770","name":"Cannabis Ground","image":{"@type":"ImageObject","inLanguage":"es","@id":"https:\/\/secure.gravatar.com\/avatar\/ea55571887fa86d320bebe20e7fbbb724968adbfa5e69318fea7179338ddcb21?s=96&d=mm&r=g","url":"https:\/\/secure.gravatar.com\/avatar\/ea55571887fa86d320bebe20e7fbbb724968adbfa5e69318fea7179338ddcb21?s=96&d=mm&r=g","contentUrl":"https:\/\/secure.gravatar.com\/avatar\/ea55571887fa86d320bebe20e7fbbb724968adbfa5e69318fea7179338ddcb21?s=96&d=mm&r=g","caption":"Cannabis Ground"}}]}},"_links":{"self":[{"href":"https:\/\/cannabisground.com\/es\/wp-json\/wp\/v2\/posts\/3701","targetHints":{"allow":["GET"]}}],"collection":[{"href":"https:\/\/cannabisground.com\/es\/wp-json\/wp\/v2\/posts"}],"about":[{"href":"https:\/\/cannabisground.com\/es\/wp-json\/wp\/v2\/types\/post"}],"author":[{"embeddable":true,"href":"https:\/\/cannabisground.com\/es\/wp-json\/wp\/v2\/users\/1"}],"replies":[{"embeddable":true,"href":"https:\/\/cannabisground.com\/es\/wp-json\/wp\/v2\/comments?post=3701"}],"version-history":[{"count":0,"href":"https:\/\/cannabisground.com\/es\/wp-json\/wp\/v2\/posts\/3701\/revisions"}],"wp:featuredmedia":[{"embeddable":true,"href":"https:\/\/cannabisground.com\/es\/wp-json\/wp\/v2\/media\/3698"}],"wp:attachment":[{"href":"https:\/\/cannabisground.com\/es\/wp-json\/wp\/v2\/media?parent=3701"}],"wp:term":[{"taxonomy":"category","embeddable":true,"href":"https:\/\/cannabisground.com\/es\/wp-json\/wp\/v2\/categories?post=3701"},{"taxonomy":"post_tag","embeddable":true,"href":"https:\/\/cannabisground.com\/es\/wp-json\/wp\/v2\/tags?post=3701"}],"curies":[{"name":"wp","href":"https:\/\/api.w.org\/{rel}","templated":true}]}}